{"id":108492,"date":"2021-05-08T15:07:18","date_gmt":"2021-05-08T15:07:18","guid":{"rendered":"https:\/\/licensed.innovation360.com\/la-cumbre-global-del-cinturon-negro-2022-del-9-al-12-de-abril\/"},"modified":"2026-04-12T08:17:02","modified_gmt":"2026-04-12T08:17:02","slug":"la-cumbre-global-del-cinturon-negro-2022-del-9-al-12-de-abril","status":"publish","type":"post","link":"https:\/\/licensed.innovation360.com\/es\/la-cumbre-global-del-cinturon-negro-2022-del-9-al-12-de-abril\/","title":{"rendered":"La Cumbre Global del Cintur\u00f3n Negro 2022, del 9 al 12 de abril"},"content":{"rendered":"<div class=\"wpb-content-wrapper\"><p>[vc_row][vc_column][vc_column_text uncode_shortcode_id=\u00bb191066&#8243;]<\/p>\n<section class=\"c-layout-breadcrumbs-1\">\n<h2 class=\"container\"><i><span style=\"font-weight: 400;\">Melior est enim sapientia mundi<\/span><\/i><\/h2>\n<\/section>\n<div id=\"primary\" class=\"content-area\">\n<div class=\"container\">\n<article id=\"post-2877\" class=\"post-2877 post type-post status-publish format-standard has-post-thumbnail hentry category-events tag-black-belt-grading\">\n<div class=\"vc_row wpb_row vc_row-fluid\">\n<div class=\"wpb_column vc_column_container vc_col-sm-12\">\n<div class=\"vc_column-inner \">\n<div class=\"wpb_wrapper\">\n<div class=\"wpb_text_column wpb_content_element \">\n<div class=\"wpb_wrapper\">\n<p><span style=\"font-weight: 400;\">En diciembre de 2019, invitamos a l\u00edderes de innovaci\u00f3n que han completado el Cintur\u00f3n Negro IMBB\u2122 de Gesti\u00f3n de la Innovaci\u00f3n al Palacio Maharaj\u00e1 en Jaipur, India, para <\/span><b>la Cumbre Global del Cintur\u00f3n Negro<\/b><span style=\"font-weight: 400;\">, liderado por Magnus Penker, l\u00edder de opini\u00f3n y CEO de Innovation 360. Profesionales de cintur\u00f3n negro de todo el mundo se reunieron para debatir el futuro de la gesti\u00f3n de la innovaci\u00f3n y contribuir al desarrollo del programa de profesionales licenciados. <\/span><\/p>\n<h3><img decoding=\"async\" class=\"alignnone wp-image-81758 lazyload\" data-src=\"http:\/\/licensed.innovation360.com\/wp-content\/uploads\/2020\/03\/7990105B-5A07-4408-A2AF-E5423B36C8DC_1_105_c-1-300x225.jpeg\" alt=\"\" width=\"304\" height=\"228\" data-srcset=\"https:\/\/licensed.innovation360.com\/wp-content\/uploads\/2020\/03\/7990105B-5A07-4408-A2AF-E5423B36C8DC_1_105_c-1-300x225.jpeg 300w, https:\/\/licensed.innovation360.com\/wp-content\/uploads\/2020\/03\/7990105B-5A07-4408-A2AF-E5423B36C8DC_1_105_c-1-600x450.jpeg 600w, https:\/\/licensed.innovation360.com\/wp-content\/uploads\/2020\/03\/7990105B-5A07-4408-A2AF-E5423B36C8DC_1_105_c-1-768x576.jpeg 768w, https:\/\/licensed.innovation360.com\/wp-content\/uploads\/2020\/03\/7990105B-5A07-4408-A2AF-E5423B36C8DC_1_105_c-1.jpeg 1024w\" data-sizes=\"(max-width: 304px) 100vw, 304px\" src=\"data:image\/svg+xml;base64,PHN2ZyB3aWR0aD0iMSIgaGVpZ2h0PSIxIiB4bWxucz0iaHR0cDovL3d3dy53My5vcmcvMjAwMC9zdmciPjwvc3ZnPg==\" style=\"--smush-placeholder-width: 304px; --smush-placeholder-aspect-ratio: 304\/228;\" \/>   <img decoding=\"async\" class=\"alignnone wp-image-81757 lazyload\" data-src=\"http:\/\/licensed.innovation360.com\/wp-content\/uploads\/2020\/03\/90A88A0B-5F04-4E35-A7DC-7DE1A50C89FF_1_105_c-225x300.jpeg\" alt=\"\" width=\"171\" height=\"228\" data-srcset=\"https:\/\/licensed.innovation360.com\/wp-content\/uploads\/2020\/03\/90A88A0B-5F04-4E35-A7DC-7DE1A50C89FF_1_105_c-225x300.jpeg 225w, https:\/\/licensed.innovation360.com\/wp-content\/uploads\/2020\/03\/90A88A0B-5F04-4E35-A7DC-7DE1A50C89FF_1_105_c-600x800.jpeg 600w, https:\/\/licensed.innovation360.com\/wp-content\/uploads\/2020\/03\/90A88A0B-5F04-4E35-A7DC-7DE1A50C89FF_1_105_c.jpeg 768w\" data-sizes=\"(max-width: 171px) 100vw, 171px\" src=\"data:image\/svg+xml;base64,PHN2ZyB3aWR0aD0iMSIgaGVpZ2h0PSIxIiB4bWxucz0iaHR0cDovL3d3dy53My5vcmcvMjAwMC9zdmciPjwvc3ZnPg==\" style=\"--smush-placeholder-width: 171px; --smush-placeholder-aspect-ratio: 171\/228;\" \/><\/h3>\n<p>En abril de 2022, Innovation 360 Group celebrar\u00e1 <strong>la Cumbre Global Black Belt 2022<\/strong> en el <span style=\"font-family: -apple-system, BlinkMacSystemFont, 'Segoe UI', Roboto, Oxygen-Sans, Ubuntu, Cantarell, 'Helvetica Neue', sans-serif;\">Castillo Slott de Johannesberg, <a href=\"http:\/\/johannesbergsslott.se\/\">Suecia: http:\/\/johannesbergsslott.se\/<\/a> un maravilloso castillo sueco cerca del aeropuerto de Estocolmo Arlanda.<\/span><\/p>\n<h2><img decoding=\"async\" class=\"alignnone wp-image-82051 lazyload\" data-src=\"http:\/\/licensed.innovation360.com\/wp-content\/uploads\/2020\/03\/unnamed-300x224.jpg\" alt=\"\" width=\"356\" height=\"266\" data-srcset=\"https:\/\/licensed.innovation360.com\/wp-content\/uploads\/2020\/03\/unnamed-300x224.jpg 300w, https:\/\/licensed.innovation360.com\/wp-content\/uploads\/2020\/03\/unnamed.jpg 512w\" data-sizes=\"(max-width: 356px) 100vw, 356px\" src=\"data:image\/svg+xml;base64,PHN2ZyB3aWR0aD0iMSIgaGVpZ2h0PSIxIiB4bWxucz0iaHR0cDovL3d3dy53My5vcmcvMjAwMC9zdmciPjwvc3ZnPg==\" style=\"--smush-placeholder-width: 356px; --smush-placeholder-aspect-ratio: 356\/266;\" \/><\/h2>\n<h2>Una breve historia sobre el castillo de Slott en Johannesberg<\/h2>\n<p><span style=\"font-family: -apple-system, BlinkMacSystemFont, 'Segoe UI', Roboto, Oxygen-Sans, Ubuntu, Cantarell, 'Helvetica Neue', sans-serif;\">El castillo de Johannesberg est\u00e1 construido en una colina. Hace unos 1000 a\u00f1os, esta colina estaba rodeada de agua \u2013   <\/span><span style=\"font-family: -apple-system, BlinkMacSystemFont, 'Segoe UI', Roboto, Oxygen-Sans, Ubuntu, Cantarell, 'Helvetica Neue', sans-serif;\">Los prados que ahora rodean el castillo fueron, por tanto, en su d\u00eda el fondo marino y los prados eran la l\u00ednea costera y muestran muchos vestigios antiguos.  <\/span><span style=\"font-family: -apple-system, BlinkMacSystemFont, 'Segoe UI', Roboto, Oxygen-Sans, Ubuntu, Cantarell, 'Helvetica Neue', sans-serif;\">Durante el siglo XII, un jefe llamado Gutti dividi\u00f3 la zona en dos partes, la parte norte y la parte sur-sur llamada Djursby.  <\/span><span style=\"font-family: -apple-system, BlinkMacSystemFont, 'Segoe UI', Roboto, Oxygen-Sans, Ubuntu, Cantarell, 'Helvetica Neue', sans-serif;\">El propietario de Djursby durante la \u00faltima parte del siglo XVII fue Johan Leijonhufvud. \u00c9l cedi\u00f3 la finca a un pariente cercano, Adam Lewenhaupt, quien la llam\u00f3 Johannesberg en honor a Johan Leijonhufvud.   <\/span><span style=\"font-family: -apple-system, BlinkMacSystemFont, 'Segoe UI', Roboto, Oxygen-Sans, Ubuntu, Cantarell, 'Helvetica Neue', sans-serif;\">Durante la Segunda Guerra Mundial, Bergengren alquil\u00f3 el edificio principal y varias casas de agricultores al gobierno sueco y, bajo la gesti\u00f3n del director de la Instituci\u00f3n T\u00e9cnica Criminal, Harry S\u00f6derman, los refugiados noruegos estaban oficialmente siendo educados a los polic\u00edas. De hecho, fueron formados para unirse al movimiento de resistencia, \u00a1un lugar perfecto para que los innovadores se re\u00fanan! <\/span><\/p>\n<\/div>\n<\/div>\n<\/div>\n<\/div>\n<\/div>\n<\/div>\n<\/article>\n<\/div>\n<\/div>\n<div class=\"wpb_text_column wpb_content_element \">\n<div class=\"wpb_wrapper\">\n<h3>Calendario de la Cumbre:<\/h3>\n<h4><strong>9 \u2013 12 de abril de 2022<\/strong><\/h4>\n<h4><strong>9 de<sup>abril: Cena<\/sup> de apertura, 18:00<\/strong><\/h4>\n<p>Disfruta de una cena tradicional sueca y conoce informalmente a Black Belts de todo el mundo.<\/p>\n<h4><strong>10 de<sup>abril: D\u00eda<\/sup> Uno | De 8 a 17 horas, cena a las 18 h<\/strong><\/h4>\n<p><span style=\"text-decoration: underline;\">Agenda<\/span><\/p>\n<ul>\n<li>Palabras de apertura de Magnus Penker<\/li>\n<li>Introducci\u00f3n de los cinturones negros globales<\/li>\n<li>Actualizaciones del Grupo Innovation 360<\/li>\n<li>Tres presentaciones de estudio de caso por cinturones negros<\/li>\n<li>Dos bloques te\u00f3ricos con ejercicios en grupos de trabajo<\/li>\n<li><span style=\"font-weight: 400;\">Cena de celebraci\u00f3n con redonos a los nuevos Black Belts, 2nd<\/span><span style=\"font-weight: 400;\">+ <\/span><span style=\"font-weight: 400;\">Dan y anuncios por logros extraordinarios.<\/span><\/li>\n<\/ul>\n<h4><strong>11 de<sup>abril: D\u00eda<\/sup> dos | De 8 a 17 horas, cena a las 18 h<\/strong><\/h4>\n<p><span style=\"text-decoration: underline;\">Agenda<\/span><\/p>\n<ul>\n<li>Bloques te\u00f3ricos con ejercicios en grupos de trabajo\n<ul>\n<li>Bloque\/grupo de trabajo te\u00f3rico: <em>Los Siete Principios y el lema \u00abMelior est enim sapientia mundi\u00bb<\/em><\/li>\n<li><em>Bloque\/grupo de trabajo te\u00f3rico: Gesti\u00f3n de objeciones<\/em><\/li>\n<li><em>Bloque\/grupo de trabajo te\u00f3rico: ISO 56000<\/em><\/li>\n<li>Grupo de trabajo: <em>Mejores pr\u00e1cticas para escalar: Sitio, Socio (todos los modelos de socios), LP<\/em><\/li>\n<\/ul>\n<\/li>\n<li>Discurso de la cumbre y del cliente<\/li>\n<\/ul>\n<h4><strong>12 de<sup>abril: D\u00eda<\/sup> tres | De 8 a 12, comida 12 pm<\/strong><\/h4>\n<p><span style=\"text-decoration: underline;\">Agenda<\/span><\/p>\n<ul>\n<li>Discusiones sobre el Cintur\u00f3n Negro<\/li>\n<li>Lecciones aprendidas<\/li>\n<li>Entradas para la pr\u00f3xima cumbre<\/li>\n<li>Palabras de clausura de Magnus Penker<\/li>\n<li><span style=\"font-weight: 400;\">Almuerzo de clausura de la cumbre a las 12:00<\/span><\/li>\n<\/ul>\n<h2><strong>Detalles de la reserva de la cumbre<\/strong><\/h2>\n<ul>\n<li><span style=\"font-weight: 400;\">25% de descuento si te inscribes a m\u00e1s tardar el 15 de noviembre de 2021.<\/span><\/li>\n<li><span style=\"font-family: -apple-system, BlinkMacSystemFont, 'Segoe UI', Roboto, Oxygen-Sans, Ubuntu, Cantarell, 'Helvetica Neue', sans-serif;\">50% en la firma y 50% como muy tarde el 15 de febrero de 2022.<\/span><\/li>\n<li>Fecha de firma m\u00e1s reciente: 15 de febrero de 2022<\/li>\n<li>Precio: 6.500 USD o 6.000 euros<\/li>\n<li>Todos los inscritos en el IMBB\u2122 Innovation Management Black Belt 2021 tienen derecho a asistir a la Cumbre Global del Cintur\u00f3n Negro 2022<\/li>\n<li>\u00a1La Cumbre Global del Cintur\u00f3n Negro otorga autom\u00e1ticamente la acreditaci\u00f3n v\u00e1lida hasta el 31 de diciembre de 2022!<\/li>\n<\/ul>\n<h4><span style=\"font-weight: 400;\"><strong>Contacta con tu KAM para reservar tu plaza ahora mismo y recibir informaci\u00f3n m\u00e1s detallada sobre el horario.<\/strong><\/span><\/h4>\n\n<div class=\"wpcf7 no-js\" id=\"wpcf7-f109447-o1\" lang=\"es-ES\" dir=\"ltr\">\n<div class=\"screen-reader-response\"><p role=\"status\" aria-live=\"polite\" aria-atomic=\"true\"><\/p> <ul><\/ul><\/div>\n<form action=\"\/es\/wp-json\/wp\/v2\/posts\/108492#wpcf7-f109447-o1\" method=\"post\" class=\"wpcf7-form init 3d3ab0a78226 cmatic-conn cmatic-aud-7 cmatic-mapd0-0 cmatic-v0977 cmatic-sent-0 cmatic-total-2300\" aria-label=\"Formulario de contacto\" novalidate=\"novalidate\" data-status=\"init\">\n<div style=\"display: none;\">\n<input type=\"hidden\" name=\"_wpcf7\" value=\"109447\" \/>\n<input type=\"hidden\" name=\"_wpcf7_version\" value=\"5.9.8\" \/>\n<input type=\"hidden\" name=\"_wpcf7_locale\" value=\"es_ES\" \/>\n<input type=\"hidden\" name=\"_wpcf7_unit_tag\" value=\"wpcf7-f109447-o1\" \/>\n<input type=\"hidden\" name=\"_wpcf7_container_post\" value=\"0\" \/>\n<input type=\"hidden\" name=\"_wpcf7_posted_data_hash\" value=\"\" \/>\n<\/div>\n<style>.wpcf7 input[type= \"text\"],\n.wpcf7 input[type= \"email\"],\n.wpcf7 textarea {\n width:100%;border:1px solid #D6D3C8;border-radius:6px;\n padding:10px 14px;font-size:14px;color:#2D3748;\n background:#fff;font-family:inherit;margin-top:6px;\n}\n.wpcf7 textarea { height:120px;resize:vertical; }\n.wpcf7 label {\n display:block;font-size:11px;font-weight:600;\n letter-spacing:.08em;text-transform:uppercase;\n color:#1A2744;margin-top:16px;\n}\n.wpcf7 input[type= \"submit\"] {\n margin-top:20px;background:#4A8C3F;color:#fff;\n border:none;border-radius:6px;\n padding:12px 28px;font-size:14px;font-weight:500;\n cursor:pointer;font-family:inherit;\n}\n.wpcf7 input[type= \"submit\"]:hover { background:#3a7231; }\n<\/style>\n<p><label>YOUR NAME *<br \/>\n<span class=\"wpcf7-form-control-wrap\" data-name=\"your-name\"><input size=\"40\" maxlength=\"400\" class=\"wpcf7-form-control wpcf7-text wpcf7-validates-as-required\" aria-required=\"true\" aria-invalid=\"false\" placeholder=\"Anna Lindqvist\" value=\"\" type=\"text\" name=\"your-name\" \/><\/span><br \/>\n<\/label><label>YOUR EMAIL *<br \/>\n<span class=\"wpcf7-form-control-wrap\" data-name=\"your-email\"><input size=\"40\" maxlength=\"400\" class=\"wpcf7-form-control wpcf7-email wpcf7-validates-as-required wpcf7-text wpcf7-validates-as-email\" aria-required=\"true\" aria-invalid=\"false\" placeholder=\"anna@company.com\" value=\"\" type=\"email\" name=\"your-email\" \/><\/span><br \/>\n<\/label><label>YOUR COUNTRY<br \/>\n<span class=\"wpcf7-form-control-wrap\" data-name=\"your-country\"><input size=\"40\" maxlength=\"400\" class=\"wpcf7-form-control wpcf7-text\" aria-invalid=\"false\" placeholder=\"Sweden\" value=\"\" type=\"text\" name=\"your-country\" \/><\/span><br \/>\n<\/label><label>YOUR MESSAGE<br \/>\n<span class=\"wpcf7-form-control-wrap\" data-name=\"your-message\"><textarea cols=\"40\" rows=\"10\" maxlength=\"2000\" class=\"wpcf7-form-control wpcf7-textarea\" aria-invalid=\"false\" placeholder=\"Questions or special requirements...\" name=\"your-message\"><\/textarea><\/span><br \/>\n<\/label><input class=\"wpcf7-form-control wpcf7-submit has-spinner\" type=\"submit\" value=\"Send Registration\" \/>\n<\/p><div class=\"wpcf7-response-output\" aria-hidden=\"true\"><\/div>\n<\/form>\n<\/div>\n\n<\/div>\n<\/div>\n<p>[\/vc_column_text][\/vc_column][\/vc_row]<\/p>\n<\/div>","protected":false},"excerpt":{"rendered":"<p>Melior est enim sapientia mundi<\/p>\n","protected":false},"author":5,"featured_media":0,"comment_status":"open","ping_status":"open","sticky":false,"template":"","format":"standard","meta":{"footnotes":""},"categories":[385],"tags":[],"_links":{"self":[{"href":"https:\/\/licensed.innovation360.com\/es\/wp-json\/wp\/v2\/posts\/108492"}],"collection":[{"href":"https:\/\/licensed.innovation360.com\/es\/wp-json\/wp\/v2\/posts"}],"about":[{"href":"https:\/\/licensed.innovation360.com\/es\/wp-json\/wp\/v2\/types\/post"}],"author":[{"embeddable":true,"href":"https:\/\/licensed.innovation360.com\/es\/wp-json\/wp\/v2\/users\/5"}],"replies":[{"embeddable":true,"href":"https:\/\/licensed.innovation360.com\/es\/wp-json\/wp\/v2\/comments?post=108492"}],"version-history":[{"count":2,"href":"https:\/\/licensed.innovation360.com\/es\/wp-json\/wp\/v2\/posts\/108492\/revisions"}],"predecessor-version":[{"id":108510,"href":"https:\/\/licensed.innovation360.com\/es\/wp-json\/wp\/v2\/posts\/108492\/revisions\/108510"}],"wp:attachment":[{"href":"https:\/\/licensed.innovation360.com\/es\/wp-json\/wp\/v2\/media?parent=108492"}],"wp:term":[{"taxonomy":"category","embeddable":true,"href":"https:\/\/licensed.innovation360.com\/es\/wp-json\/wp\/v2\/categories?post=108492"},{"taxonomy":"post_tag","embeddable":true,"href":"https:\/\/licensed.innovation360.com\/es\/wp-json\/wp\/v2\/tags?post=108492"}],"curies":[{"name":"wp","href":"https:\/\/api.w.org\/{rel}","templated":true}]}}