{"id":109751,"date":"2025-02-18T11:45:46","date_gmt":"2025-02-18T11:45:46","guid":{"rendered":"https:\/\/licensed.innovation360.com\/la-cumbre-global-del-cinturon-negro-2025-del-18-al-21-de-octubre\/"},"modified":"2026-04-12T08:22:21","modified_gmt":"2026-04-12T08:22:21","slug":"la-cumbre-global-del-cinturon-negro-2025-del-18-al-21-de-octubre","status":"publish","type":"post","link":"https:\/\/licensed.innovation360.com\/es\/la-cumbre-global-del-cinturon-negro-2025-del-18-al-21-de-octubre\/","title":{"rendered":"La Cumbre Global del Cintur\u00f3n Negro 2025, del 18 al 21 de octubre"},"content":{"rendered":"<div class=\"wpb-content-wrapper\"><p>[vc_row][vc_column width=\u00bb1\/1&#8243;][vc_column_text uncode_shortcode_id=\u00bb800936&#8243;]<\/p>\n<section class=\"c-layout-breadcrumbs-1\">\n<h2 class=\"container\"><i><span style=\"font-weight: 400;\">La Cumbre Mundial del Cintur\u00f3n Negro 2025: Melior est enim sapientia mundi<\/span><\/i><\/h2>\n<\/section>\n<div id=\"primary\" class=\"content-area\">\n<div class=\"container\">\n<article id=\"post-2877\" class=\"post-2877 post type-post status-publish format-standard has-post-thumbnail hentry category-events tag-black-belt-grading\">\n<div class=\"vc_row wpb_row vc_row-fluid\">\n<div class=\"wpb_column vc_column_container vc_col-sm-12\">\n<div class=\"vc_column-inner \">\n<div class=\"wpb_wrapper\">\n<div class=\"wpb_text_column wpb_content_element \">\n<div class=\"wpb_wrapper\"><span style=\"font-weight: 400;\">En diciembre de 2019, invitamos por primera vez a los l\u00edderes en innovaci\u00f3n que hab\u00edan completado el Cintur\u00f3n Negro de Gesti\u00f3n de la Innovaci\u00f3n de IMBB\u2122 al Palacio del Maharaj\u00e1 en Jaipur, India, para <\/span><b>la Cumbre Global del Cintur\u00f3n Negro<\/b><span style=\"font-weight: 400;\">, dirigido por el l\u00edder de opini\u00f3n y CEO de Innovation 360: Magnus Penker. Profesionales de cintur\u00f3n negro de todo el mundo se reunieron para discutir el futuro de la gesti\u00f3n de la innovaci\u00f3n y contribuir al desarrollo del programa de profesionales con licencia. <\/span><\/div>\n<\/div>\n<\/div>\n<\/div>\n<\/div>\n<\/div>\n<\/article>\n<\/div>\n<\/div>\n<p>[\/vc_column_text][\/vc_column][\/vc_row][vc_row][vc_column width=\u00bb1\/4&#8243;][vc_single_image media=\u00bb108497&#8243; media_width_percent=\u00bb100&#8243; media_ratio=\u00bbone-one\u00bb alignment=\u00bbcenter\u00bb shape=\u00bbimg-round\u00bb uncode_shortcode_id=\u00bb115375&#8243; title=\u00bb2019&#8243;][\/vc_column][vc_column width=\u00bb1\/4&#8243;][vc_single_image media=\u00bb108496&#8243; media_poster=\u00bbyes\u00bb media_width_percent=\u00bb100&#8243; media_ratio=\u00bbone-one\u00bb alignment=\u00bbcenter\u00bb shape=\u00bbimg-round\u00bb uncode_shortcode_id=\u00bb153039&#8243; title=\u00bb2019&#8243;][\/vc_column][vc_column width=\u00bb1\/4&#8243;][vc_single_image media=\u00bb83459&#8243; media_width_percent=\u00bb100&#8243; media_ratio=\u00bbone-one\u00bb alignment=\u00bbcenter\u00bb shape=\u00bbimg-round\u00bb uncode_shortcode_id=\u00bb133223&#8243; title=\u00bb2022&#8243;][\/vc_column][vc_column column_width_percent=\u00bb100&#8243; position_vertical=\u00bbmiddle\u00bb gutter_size=\u00bb3&#8243; overlay_alpha=\u00bb50&#8243; shift_x=\u00bb0&#8243; shift_y=\u00bb0&#8243; shift_y_down=\u00bb0&#8243; z_index=\u00bb0&#8243; medium_width=\u00bb0&#8243; mobile_width=\u00bb0&#8243; width=\u00bb1\/4&#8243; uncode_shortcode_id=\u00bb574406&#8243;][vc_single_image media=\u00bb83458&#8243; media_width_percent=\u00bb100&#8243; media_ratio=\u00bbone-one\u00bb alignment=\u00bbcenter\u00bb shape=\u00bbimg-round\u00bb uncode_shortcode_id=\u00bb332478&#8243; title=\u00bb2022&#8243;][\/vc_column][\/vc_row][vc_row][vc_column column_width_percent=\u00bb100&#8243; align_horizontal=\u00bbalign_center\u00bb gutter_size=\u00bb3&#8243; overlay_alpha=\u00bb50&#8243; shift_x=\u00bb0&#8243; shift_y=\u00bb0&#8243; shift_y_down=\u00bb0&#8243; z_index=\u00bb0&#8243; medium_width=\u00bb0&#8243; mobile_width=\u00bb0&#8243; width=\u00bb1\/2&#8243; uncode_shortcode_id=\u00bb107248&#8243;][vc_single_image media=\u00bb83976&#8243; media_poster=\u00bbyes\u00bb media_width_percent=\u00bb100&#8243; uncode_shortcode_id=\u00bb959690&#8243; title=\u00bb2023&#8243;][\/vc_column][vc_column column_width_percent=\u00bb100&#8243; align_horizontal=\u00bbalign_center\u00bb gutter_size=\u00bb3&#8243; overlay_alpha=\u00bb50&#8243; shift_x=\u00bb0&#8243; shift_y=\u00bb0&#8243; shift_y_down=\u00bb0&#8243; z_index=\u00bb0&#8243; medium_width=\u00bb0&#8243; mobile_width=\u00bb0&#8243; width=\u00bb1\/2&#8243; uncode_shortcode_id=\u00bb845548&#8243;][vc_single_image media=\u00bb84633&#8243; media_width_percent=\u00bb100&#8243; uncode_shortcode_id=\u00bb179443&#8243; title=\u00bb2024&#8243;][\/vc_column][\/vc_row][vc_row][vc_column width=\u00bb1\/1&#8243;][vc_row_inner limit_content=\u00bb\u00bb][vc_column_inner width=\u00bb1\/1&#8243;][vc_column_text uncode_shortcode_id=\u00bb367460&#8243;]<\/p>\n<div class=\"flex-shrink-0 flex flex-col relative items-end\">\n<div>\n<div class=\"pt-0\"><\/div>\n<\/div>\n<\/div>\n<div class=\"group\/conversation-turn relative flex w-full min-w-0 flex-col agent-turn\">\n<div class=\"flex-col gap-1 md:gap-3\">\n<div class=\"flex max-w-full flex-col flex-grow\">\n<div class=\"min-h-8 text-message flex w-full flex-col items-end gap-2 whitespace-normal break-words text-start [.text-message+&amp;]:mt-5\" dir=\"auto\" data-message-author-role=\"assistant\" data-message-id=\"321943b8-33cc-4a95-8941-b36df959260d\" data-message-model-slug=\"gpt-4o\">\n<div class=\"flex w-full flex-col gap-1 empty:hidden first:pt-[3px]\">\n<div class=\"markdown prose w-full break-words dark:prose-invert light\">\n<h3><strong>La Cumbre Mundial del Cintur\u00f3n Negro 2025: una cosecha toscana de conocimiento e inspiraci\u00f3n<\/strong><\/h3>\n<p>Del 18 al 21 de octubre de 2025, Innovation 360 Group le invita a un encuentro extraordinario en el coraz\u00f3n de la Toscana. Entre colinas onduladas y vi\u00f1edos dorados, donde el aire est\u00e1 impregnado del aroma de las uvas maduras y las aceitunas reci\u00e9n prensadas, nos reuniremos para la Cumbre Global del Cintur\u00f3n Negro 2025. <\/p>\n<p>Llegamos al momento perfecto, <strong>cuando la Toscana est\u00e1 viva con la cosecha de uvas y aceitunas, un tiempo de celebraci\u00f3n, riqueza y tradici\u00f3n<\/strong>. A medida que el paisaje se convierte en oro y se recogen los frutos de la tierra, nos sumergiremos en conversaciones profundas, ideas transformadoras y la esencia de esta regi\u00f3n atemporal. <\/p>\n<p>Entre sesiones inspiradoras, exploraremos las calles hist\u00f3ricas de <strong>Florencia, Siena y San Gimignano<\/strong>, donde la historia, el arte y la cultura se entrelazan en una danza hipn\u00f3tica.<\/p>\n<p>\u00danase a nosotros para una cumbre como ninguna otra, donde el conocimiento, la tradici\u00f3n y la belleza de la temporada de cosecha se unen en perfecta armon\u00eda.<\/p>\n<\/div>\n<\/div>\n<\/div>\n<\/div>\n<\/div>\n<\/div>\n<p>[\/vc_column_text][vc_single_image media=\u00bb84765&#8243; media_width_percent=\u00bb100&#8243; uncode_shortcode_id=\u00bb212207&#8243;][\/vc_column_inner][\/vc_row_inner][vc_column_text uncode_shortcode_id=\u00bb184690&#8243;]<\/p>\n<section class=\"c-layout-breadcrumbs-1\"><\/section>\n<div class=\"wpb_text_column wpb_content_element \">\n<div class=\"wpb_wrapper\">\n<section class=\"c-layout-breadcrumbs-1\"><\/section>\n<div class=\"wpb_text_column wpb_content_element \">\n<div class=\"wpb_wrapper\">\n<h4><b><span lang=\"EN-US\">Del 18 al 21 de octubre de 2025 en <a href=\"https:\/\/www.borgosanluigi.it\/en\/index\">Borgo San Luigi<\/a><\/span><\/b><\/h4>\n<h4><b><span lang=\"EN-US\">18 de octubre<\/span><\/b><b><sup><span lang=\"EN-US\"><\/span><\/sup><b><span lang=\"EN-US\">: Cena Ceremonial, 17.30 pm<\/span><\/b><\/b><\/h4>\n<p>La recepci\u00f3n ser\u00e1 a las 17.30, seguida de la Cena de Celebraci\u00f3n con entrega de folletos a los nuevos Cinturones Negros, 2do+ Dan, y anuncios de logros extraordinarios.<\/p>\n<h4><b><span lang=\"EN-US\">19 de octubre<\/span><\/b><b><sup><span lang=\"EN-US\"><\/span><\/sup><b><span lang=\"EN-US\">: D\u00eda Uno | 8 am a 5 pm<\/span><\/b><\/b><\/h4>\n<p><strong><span style=\"text-decoration: underline;\">Agenda<\/span><\/strong><\/p>\n<ul>\n<li>Palabras de apertura de Magnus Penker<\/li>\n<li>Introducci\u00f3n de los cinturones negros mundiales<\/li>\n<li>Actualizaciones del Grupo Innovation 360<\/li>\n<li>Tres Presentaciones de Casos de Estudio de Cinturones Negros<\/li>\n<li>Dos bloques te\u00f3ricos con ejercicios en grupos de trabajo: Planificaci\u00f3n de Escenarios y Transformation360 en la pr\u00e1ctica<\/li>\n<\/ul>\n<p><span lang=\"EN-US\">Despu\u00e9s de las 17.00, tiempo libre para gastar. Se reservan dos minibuses para llevarlo a Siena o San Gimignano para experimentar la mejor experiencia culinaria del mundo.   <\/span><\/p>\n<h4><b><span lang=\"EN-US\"> 20<\/span><\/b><b><sup><span lang=\"EN-US\">de<\/span><\/sup><\/b> <b><span lang=\"EN-US\">octubre<\/span><\/b><b><span lang=\"EN-US\">: D\u00eda dos | 8 am a 4 pm<\/span><\/b><\/h4>\n<p><strong><span style=\"text-decoration: underline;\">Agenda<\/span><\/strong><\/p>\n<ul>\n<li>Bloques te\u00f3ricos con ejercicios en grupos de trabajo: Presentar poderoso como un consultor de MBB, escribir recomendaciones accionables (vamos a usar Agent 360), Transformation360 Casos de uso<\/li>\n<li>Actualizaci\u00f3n sobre el libro dos y el libro cuatro<\/li>\n<li>Agent 360 y el futuro<\/li>\n<\/ul>\n<p>A las 17.00, salimos hacia Florencia, actividades conjuntas y cena.<\/p>\n<h4><b><span lang=\"EN-US\"> 21<\/span><\/b><b><sup><span lang=\"EN-US\">de<\/span><\/sup><\/b> <b><span lang=\"EN-US\">octubre<\/span><\/b><b><span lang=\"EN-US\">: D\u00eda tres | 8 am a 11.30<\/span><\/b> h<\/h4>\n<p><strong><span style=\"text-decoration: underline;\">Agenda<\/span><\/strong><\/p>\n<ul>\n<li>Discusiones sobre el Cintur\u00f3n Negro<\/li>\n<li>Lecciones aprendidas<\/li>\n<li>Insumos para la pr\u00f3xima cumbre<\/li>\n<li>Palabras de clausura de Magnus Penker<\/li>\n<li>Cumbre de clausura a las 11.30<\/li>\n<\/ul>\n<h2><strong>Detalles de la reserva de la cumbre<\/strong><\/h2>\n<ul>\n<li>Asientos limitados, por orden de llegada.<\/li>\n<li>El precio es de 6.500 euros, pagados \u00edntegramente el 15 de marzo. Para los c\u00f3nyuges, 1000 euros extra (limitado, 5 habitaciones dobles reservadas). Spouces invitados para el almuerzo y la cena.  <\/li>\n<li>Hotel, excursiones y cena (18 y 20 de octubre) incluidos.<\/li>\n<\/ul>\n<h4><span style=\"font-weight: 400;\"><strong>Contacta con tu KAM para reservar tu plaza ahora mismo y recibir informaci\u00f3n m\u00e1s detallada sobre el horario.<\/strong><\/span><\/h4>\n\n<div class=\"wpcf7 no-js\" id=\"wpcf7-f109447-o1\" lang=\"es-ES\" dir=\"ltr\">\n<div class=\"screen-reader-response\"><p role=\"status\" aria-live=\"polite\" aria-atomic=\"true\"><\/p> <ul><\/ul><\/div>\n<form action=\"\/es\/wp-json\/wp\/v2\/posts\/109751#wpcf7-f109447-o1\" method=\"post\" class=\"wpcf7-form init 3d3ab0a78226 cmatic-conn cmatic-aud-7 cmatic-mapd0-0 cmatic-v0977 cmatic-sent-0 cmatic-total-2300\" aria-label=\"Formulario de contacto\" novalidate=\"novalidate\" data-status=\"init\">\n<div style=\"display: none;\">\n<input type=\"hidden\" name=\"_wpcf7\" value=\"109447\" \/>\n<input type=\"hidden\" name=\"_wpcf7_version\" value=\"5.9.8\" \/>\n<input type=\"hidden\" name=\"_wpcf7_locale\" value=\"es_ES\" \/>\n<input type=\"hidden\" name=\"_wpcf7_unit_tag\" value=\"wpcf7-f109447-o1\" \/>\n<input type=\"hidden\" name=\"_wpcf7_container_post\" value=\"0\" \/>\n<input type=\"hidden\" name=\"_wpcf7_posted_data_hash\" value=\"\" \/>\n<\/div>\n<style>.wpcf7 input[type= \"text\"],\n.wpcf7 input[type= \"email\"],\n.wpcf7 textarea {\n width:100%;border:1px solid #D6D3C8;border-radius:6px;\n padding:10px 14px;font-size:14px;color:#2D3748;\n background:#fff;font-family:inherit;margin-top:6px;\n}\n.wpcf7 textarea { height:120px;resize:vertical; }\n.wpcf7 label {\n display:block;font-size:11px;font-weight:600;\n letter-spacing:.08em;text-transform:uppercase;\n color:#1A2744;margin-top:16px;\n}\n.wpcf7 input[type= \"submit\"] {\n margin-top:20px;background:#4A8C3F;color:#fff;\n border:none;border-radius:6px;\n padding:12px 28px;font-size:14px;font-weight:500;\n cursor:pointer;font-family:inherit;\n}\n.wpcf7 input[type= \"submit\"]:hover { background:#3a7231; }\n<\/style>\n<p><label>YOUR NAME *<br \/>\n<span class=\"wpcf7-form-control-wrap\" data-name=\"your-name\"><input size=\"40\" maxlength=\"400\" class=\"wpcf7-form-control wpcf7-text wpcf7-validates-as-required\" aria-required=\"true\" aria-invalid=\"false\" placeholder=\"Anna Lindqvist\" value=\"\" type=\"text\" name=\"your-name\" \/><\/span><br \/>\n<\/label><label>YOUR EMAIL *<br \/>\n<span class=\"wpcf7-form-control-wrap\" data-name=\"your-email\"><input size=\"40\" maxlength=\"400\" class=\"wpcf7-form-control wpcf7-email wpcf7-validates-as-required wpcf7-text wpcf7-validates-as-email\" aria-required=\"true\" aria-invalid=\"false\" placeholder=\"anna@company.com\" value=\"\" type=\"email\" name=\"your-email\" \/><\/span><br \/>\n<\/label><label>YOUR COUNTRY<br \/>\n<span class=\"wpcf7-form-control-wrap\" data-name=\"your-country\"><input size=\"40\" maxlength=\"400\" class=\"wpcf7-form-control wpcf7-text\" aria-invalid=\"false\" placeholder=\"Sweden\" value=\"\" type=\"text\" name=\"your-country\" \/><\/span><br \/>\n<\/label><label>YOUR MESSAGE<br \/>\n<span class=\"wpcf7-form-control-wrap\" data-name=\"your-message\"><textarea cols=\"40\" rows=\"10\" maxlength=\"2000\" class=\"wpcf7-form-control wpcf7-textarea\" aria-invalid=\"false\" placeholder=\"Questions or special requirements...\" name=\"your-message\"><\/textarea><\/span><br \/>\n<\/label><input class=\"wpcf7-form-control wpcf7-submit has-spinner\" type=\"submit\" value=\"Send Registration\" \/>\n<\/p><div class=\"wpcf7-response-output\" aria-hidden=\"true\"><\/div>\n<\/form>\n<\/div>\n\n<\/div>\n<\/div>\n<\/div>\n<\/div>\n<p>[\/vc_column_text][\/vc_column][\/vc_row]<\/p>\n<\/div>","protected":false},"excerpt":{"rendered":"<p>Dirigido por el l\u00edder de opini\u00f3n y CEO de Innovation 360, Magnus Penker<\/p>\n","protected":false},"author":1,"featured_media":0,"comment_status":"open","ping_status":"open","sticky":false,"template":"","format":"standard","meta":{"footnotes":""},"categories":[385],"tags":[],"_links":{"self":[{"href":"https:\/\/licensed.innovation360.com\/es\/wp-json\/wp\/v2\/posts\/109751"}],"collection":[{"href":"https:\/\/licensed.innovation360.com\/es\/wp-json\/wp\/v2\/posts"}],"about":[{"href":"https:\/\/licensed.innovation360.com\/es\/wp-json\/wp\/v2\/types\/post"}],"author":[{"embeddable":true,"href":"https:\/\/licensed.innovation360.com\/es\/wp-json\/wp\/v2\/users\/1"}],"replies":[{"embeddable":true,"href":"https:\/\/licensed.innovation360.com\/es\/wp-json\/wp\/v2\/comments?post=109751"}],"version-history":[{"count":2,"href":"https:\/\/licensed.innovation360.com\/es\/wp-json\/wp\/v2\/posts\/109751\/revisions"}],"predecessor-version":[{"id":109772,"href":"https:\/\/licensed.innovation360.com\/es\/wp-json\/wp\/v2\/posts\/109751\/revisions\/109772"}],"wp:attachment":[{"href":"https:\/\/licensed.innovation360.com\/es\/wp-json\/wp\/v2\/media?parent=109751"}],"wp:term":[{"taxonomy":"category","embeddable":true,"href":"https:\/\/licensed.innovation360.com\/es\/wp-json\/wp\/v2\/categories?post=109751"},{"taxonomy":"post_tag","embeddable":true,"href":"https:\/\/licensed.innovation360.com\/es\/wp-json\/wp\/v2\/tags?post=109751"}],"curies":[{"name":"wp","href":"https:\/\/api.w.org\/{rel}","templated":true}]}}