{"id":110952,"date":"2022-08-21T15:39:35","date_gmt":"2022-08-21T15:39:35","guid":{"rendered":"https:\/\/licensed.innovation360.com\/la-cumbre-global-del-cinturon-negro-2023-del-10-al-13-de-junio\/"},"modified":"2026-04-12T08:24:59","modified_gmt":"2026-04-12T08:24:59","slug":"la-cumbre-global-del-cinturon-negro-2023-del-10-al-13-de-junio","status":"publish","type":"post","link":"https:\/\/licensed.innovation360.com\/es\/la-cumbre-global-del-cinturon-negro-2023-del-10-al-13-de-junio\/","title":{"rendered":"La Cumbre Global del Cintur\u00f3n Negro 2023, del 10 al 13 de junio"},"content":{"rendered":"<div class=\"wpb-content-wrapper\"><p>[vc_row][vc_column width=\u00bb1\/1&#8243;][vc_column_text uncode_shortcode_id=\u00bb211239&#8243;]<\/p>\n<section class=\"c-layout-breadcrumbs-1\">\n<h2 class=\"container\"><i><span style=\"font-weight: 400;\">Melior est enim sapientia mundi<\/span><\/i><\/h2>\n<\/section>\n<div id=\"primary\" class=\"content-area\">\n<div class=\"container\">\n<article id=\"post-2877\" class=\"post-2877 post type-post status-publish format-standard has-post-thumbnail hentry category-events tag-black-belt-grading\">\n<div class=\"vc_row wpb_row vc_row-fluid\">\n<div class=\"wpb_column vc_column_container vc_col-sm-12\">\n<div class=\"vc_column-inner \">\n<div class=\"wpb_wrapper\">\n<div class=\"wpb_text_column wpb_content_element \">\n<div class=\"wpb_wrapper\"><span style=\"font-weight: 400;\">En diciembre de 2019, invitamos a los primeros l\u00edderes de innovaci\u00f3n toime que han completado el Cintur\u00f3n Negro de Gesti\u00f3n de la Innovaci\u00f3n IMBB\u2122 al Palacio del Maharaj\u00e1 en Jaipur, India, para <\/span><b>la Cumbre Global del Cintur\u00f3n Negro<\/b><span style=\"font-weight: 400;\">, liderado por Magnus Penker, l\u00edder de opini\u00f3n y CEO de Innovation 360. Profesionales de cintur\u00f3n negro de todo el mundo se reunieron para debatir el futuro de la gesti\u00f3n de la innovaci\u00f3n y contribuir al desarrollo del programa de profesionales licenciados. <\/span><\/div>\n<\/div>\n<\/div>\n<\/div>\n<\/div>\n<\/div>\n<\/article>\n<\/div>\n<\/div>\n<p>[\/vc_column_text][\/vc_column][\/vc_row][vc_row][vc_column width=\u00bb1\/4&#8243;][vc_single_image media=\u00bb108497&#8243; media_width_percent=\u00bb100&#8243; media_ratio=\u00bbone-one\u00bb alignment=\u00bbcenter\u00bb shape=\u00bbimg-round\u00bb uncode_shortcode_id=\u00bb115375&#8243; title=\u00bb2019&#8243;][\/vc_column][vc_column width=\u00bb1\/4&#8243;][vc_single_image media=\u00bb108496&#8243; media_poster=\u00bbyes\u00bb media_width_percent=\u00bb100&#8243; media_ratio=\u00bbone-one\u00bb alignment=\u00bbcenter\u00bb shape=\u00bbimg-round\u00bb uncode_shortcode_id=\u00bb153039&#8243; title=\u00bb2019&#8243;][\/vc_column][vc_column width=\u00bb1\/4&#8243;][vc_single_image media=\u00bb110958&#8243; media_width_percent=\u00bb100&#8243; media_ratio=\u00bbone-one\u00bb alignment=\u00bbcenter\u00bb shape=\u00bbimg-round\u00bb uncode_shortcode_id=\u00bb133223&#8243; title=\u00bb2022&#8243;][\/vc_column][vc_column column_width_percent=\u00bb100&#8243; position_vertical=\u00bbmiddle\u00bb gutter_size=\u00bb3&#8243; overlay_alpha=\u00bb50&#8243; shift_x=\u00bb0&#8243; shift_y=\u00bb0&#8243; shift_y_down=\u00bb0&#8243; z_index=\u00bb0&#8243; medium_width=\u00bb0&#8243; mobile_width=\u00bb0&#8243; width=\u00bb1\/4&#8243; uncode_shortcode_id=\u00bb574406&#8243;][vc_single_image media=\u00bb110957&#8243; media_width_percent=\u00bb100&#8243; media_ratio=\u00bbone-one\u00bb alignment=\u00bbcenter\u00bb shape=\u00bbimg-round\u00bb uncode_shortcode_id=\u00bb332478&#8243; title=\u00bb2022&#8243;][\/vc_column][\/vc_row][vc_row][vc_column width=\u00bb1\/1&#8243;][vc_row_inner][vc_column_inner width=\u00bb1\/1&#8243;][vc_column_text uncode_shortcode_id=\u00bb584858&#8243;]<\/p>\n<h3 style=\"text-align: center;\">Del 10 al 13 de junio de 2023, Innovation 360 Group celebrar\u00e1 <strong>la Cumbre Global Black Belt 2023<\/strong> <span style=\"font-family: -apple-system, BlinkMacSystemFont, 'Segoe UI', Roboto, Oxygen-Sans, Ubuntu, Cantarell, 'Helvetica Neue', sans-serif;\">en un hotel de lujo en Budapest. <\/span> <\/h3>\n<p>[\/vc_column_text][vc_single_image media=\u00bb110956&#8243; media_width_percent=\u00bb100&#8243; uncode_shortcode_id=\u00bb169402&#8243;][\/vc_column_inner][\/vc_row_inner][vc_column_text uncode_shortcode_id=\u00bb870159&#8243;]<\/p>\n<section class=\"c-layout-breadcrumbs-1\"><\/section>\n<div class=\"wpb_text_column wpb_content_element \">\n<div class=\"wpb_wrapper\">\n<h4><strong>10 \u2013 13 de junio de 2023<\/strong><\/h4>\n<h4><strong>10 de junio<sup>: Cena<\/sup> de apertura, 18:00<\/strong><\/h4>\n<p>Disfruta de una cena tradicional h\u00fangara y conoce informalmente a los cinturones negros de todo el mundo.<\/p>\n<h4><strong>11 de junio<sup>: D\u00eda<\/sup> Uno | De 8 a 17 horas, cena a las 18 h<\/strong><\/h4>\n<p><span style=\"text-decoration: underline;\">Agenda<\/span><\/p>\n<ul>\n<li>Palabras de apertura de Magnus Penker<\/li>\n<li>Introducci\u00f3n de los cinturones negros globales<\/li>\n<li>Actualizaciones del Grupo Innovation 360<\/li>\n<li>Tres presentaciones de estudio de caso por cinturones negros<\/li>\n<li>Dos bloques te\u00f3ricos con ejercicios en grupos de trabajo<\/li>\n<li><span style=\"font-weight: 400;\">Cena de celebraci\u00f3n con redonos a los nuevos Black Belts, 2nd<\/span><span style=\"font-weight: 400;\">+ <\/span><span style=\"font-weight: 400;\">Dan y anuncios por logros extraordinarios.<\/span><\/li>\n<\/ul>\n<h4><strong>12 de junio<sup>: D\u00eda<\/sup> dos | De 8 a 17 horas, cena a las 18 h<\/strong><\/h4>\n<p><span style=\"text-decoration: underline;\">Agenda<\/span><\/p>\n<ul>\n<li>Bloques te\u00f3ricos con ejercicios en grupos de trabajo\n<ul>\n<li>Bloque\/grupo de trabajo te\u00f3rico: <em>Los Siete Principios y el lema \u00abMelior est enim sapientia mundi\u00bb<\/em><\/li>\n<li><em>Bloque\/grupo de trabajo te\u00f3rico: Gesti\u00f3n de objeciones<\/em><\/li>\n<li><em>Grupo de trabajo: los 16 aspectos y recomendaciones  <\/em><\/li>\n<li>Grupo de trabajo: Mejores pr\u00e1cticas <em>para implementar un sistema de gesti\u00f3n de la innovaci\u00f3n<\/em><\/li>\n<\/ul>\n<\/li>\n<li>Discurso de la cumbre y del cliente<\/li>\n<\/ul>\n<h4><strong>13 de junio<sup>: D\u00eda<\/sup> tres | De 8 a 12, comida 12 pm<\/strong><\/h4>\n<p><span style=\"text-decoration: underline;\">Agenda<\/span><\/p>\n<ul>\n<li>Discusiones sobre el Cintur\u00f3n Negro<\/li>\n<li>Lecciones aprendidas<\/li>\n<li>Entradas para la pr\u00f3xima cumbre<\/li>\n<li>Palabras de clausura de Magnus Penker<\/li>\n<li><span style=\"font-weight: 400;\">Almuerzo de clausura de la cumbre a las 12:00<\/span><\/li>\n<\/ul>\n<h2><strong>Detalles de la reserva de la cumbre<\/strong><\/h2>\n<ul>\n<li><span style=\"font-weight: 400;\">Asientos limitados, primero en llegar, primero en llegar.  <\/span><\/li>\n<li><span style=\"font-weight: 400;\">25% de descuento si te inscribes a m\u00e1s tardar el 31 de julio de 2022.<\/span><\/li>\n<li>Fecha de firma m\u00e1s reciente: 15 de febrero de 2023<\/li>\n<li>Precio: 6.500 USD o 6.000 euros<\/li>\n<li>Todos los inscritos en el IMBB\u2122 Innovation Management Black Belt 2022 tienen derecho a asistir a la Cumbre Global del Cintur\u00f3n Negro 2023<\/li>\n<\/ul>\n<h4><span style=\"font-weight: 400;\"><strong>Contacta con tu KAM para reservar tu plaza ahora mismo y recibir informaci\u00f3n m\u00e1s detallada sobre el horario.<\/strong><\/span><\/h4>\n\n<div class=\"wpcf7 no-js\" id=\"wpcf7-f109447-o1\" lang=\"es-ES\" dir=\"ltr\">\n<div class=\"screen-reader-response\"><p role=\"status\" aria-live=\"polite\" aria-atomic=\"true\"><\/p> <ul><\/ul><\/div>\n<form action=\"\/es\/wp-json\/wp\/v2\/posts\/110952#wpcf7-f109447-o1\" method=\"post\" class=\"wpcf7-form init 3d3ab0a78226 cmatic-conn cmatic-aud-7 cmatic-mapd0-0 cmatic-v0977 cmatic-sent-0 cmatic-total-2300\" aria-label=\"Formulario de contacto\" novalidate=\"novalidate\" data-status=\"init\">\n<div style=\"display: none;\">\n<input type=\"hidden\" name=\"_wpcf7\" value=\"109447\" \/>\n<input type=\"hidden\" name=\"_wpcf7_version\" value=\"5.9.8\" \/>\n<input type=\"hidden\" name=\"_wpcf7_locale\" value=\"es_ES\" \/>\n<input type=\"hidden\" name=\"_wpcf7_unit_tag\" value=\"wpcf7-f109447-o1\" \/>\n<input type=\"hidden\" name=\"_wpcf7_container_post\" value=\"0\" \/>\n<input type=\"hidden\" name=\"_wpcf7_posted_data_hash\" value=\"\" \/>\n<\/div>\n<style>.wpcf7 input[type= \"text\"],\n.wpcf7 input[type= \"email\"],\n.wpcf7 textarea {\n width:100%;border:1px solid #D6D3C8;border-radius:6px;\n padding:10px 14px;font-size:14px;color:#2D3748;\n background:#fff;font-family:inherit;margin-top:6px;\n}\n.wpcf7 textarea { height:120px;resize:vertical; }\n.wpcf7 label {\n display:block;font-size:11px;font-weight:600;\n letter-spacing:.08em;text-transform:uppercase;\n color:#1A2744;margin-top:16px;\n}\n.wpcf7 input[type= \"submit\"] {\n margin-top:20px;background:#4A8C3F;color:#fff;\n border:none;border-radius:6px;\n padding:12px 28px;font-size:14px;font-weight:500;\n cursor:pointer;font-family:inherit;\n}\n.wpcf7 input[type= \"submit\"]:hover { background:#3a7231; }\n<\/style>\n<p><label>YOUR NAME *<br \/>\n<span class=\"wpcf7-form-control-wrap\" data-name=\"your-name\"><input size=\"40\" maxlength=\"400\" class=\"wpcf7-form-control wpcf7-text wpcf7-validates-as-required\" aria-required=\"true\" aria-invalid=\"false\" placeholder=\"Anna Lindqvist\" value=\"\" type=\"text\" name=\"your-name\" \/><\/span><br \/>\n<\/label><label>YOUR EMAIL *<br \/>\n<span class=\"wpcf7-form-control-wrap\" data-name=\"your-email\"><input size=\"40\" maxlength=\"400\" class=\"wpcf7-form-control wpcf7-email wpcf7-validates-as-required wpcf7-text wpcf7-validates-as-email\" aria-required=\"true\" aria-invalid=\"false\" placeholder=\"anna@company.com\" value=\"\" type=\"email\" name=\"your-email\" \/><\/span><br \/>\n<\/label><label>YOUR COUNTRY<br \/>\n<span class=\"wpcf7-form-control-wrap\" data-name=\"your-country\"><input size=\"40\" maxlength=\"400\" class=\"wpcf7-form-control wpcf7-text\" aria-invalid=\"false\" placeholder=\"Sweden\" value=\"\" type=\"text\" name=\"your-country\" \/><\/span><br \/>\n<\/label><label>YOUR MESSAGE<br \/>\n<span class=\"wpcf7-form-control-wrap\" data-name=\"your-message\"><textarea cols=\"40\" rows=\"10\" maxlength=\"2000\" class=\"wpcf7-form-control wpcf7-textarea\" aria-invalid=\"false\" placeholder=\"Questions or special requirements...\" name=\"your-message\"><\/textarea><\/span><br \/>\n<\/label><input class=\"wpcf7-form-control wpcf7-submit has-spinner\" type=\"submit\" value=\"Send Registration\" \/>\n<\/p><div class=\"wpcf7-response-output\" aria-hidden=\"true\"><\/div>\n<\/form>\n<\/div>\n\n<\/div>\n<\/div>\n<p>[\/vc_column_text][\/vc_column][\/vc_row]<\/p>\n<\/div>","protected":false},"excerpt":{"rendered":"<p>Melior est enim sapientia mundi<\/p>\n","protected":false},"author":5,"featured_media":83446,"comment_status":"open","ping_status":"open","sticky":false,"template":"","format":"standard","meta":{"footnotes":""},"categories":[385],"tags":[],"_links":{"self":[{"href":"https:\/\/licensed.innovation360.com\/es\/wp-json\/wp\/v2\/posts\/110952"}],"collection":[{"href":"https:\/\/licensed.innovation360.com\/es\/wp-json\/wp\/v2\/posts"}],"about":[{"href":"https:\/\/licensed.innovation360.com\/es\/wp-json\/wp\/v2\/types\/post"}],"author":[{"embeddable":true,"href":"https:\/\/licensed.innovation360.com\/es\/wp-json\/wp\/v2\/users\/5"}],"replies":[{"embeddable":true,"href":"https:\/\/licensed.innovation360.com\/es\/wp-json\/wp\/v2\/comments?post=110952"}],"version-history":[{"count":3,"href":"https:\/\/licensed.innovation360.com\/es\/wp-json\/wp\/v2\/posts\/110952\/revisions"}],"predecessor-version":[{"id":110964,"href":"https:\/\/licensed.innovation360.com\/es\/wp-json\/wp\/v2\/posts\/110952\/revisions\/110964"}],"wp:featuredmedia":[{"embeddable":true,"href":"https:\/\/licensed.innovation360.com\/es\/wp-json\/wp\/v2\/media\/83446"}],"wp:attachment":[{"href":"https:\/\/licensed.innovation360.com\/es\/wp-json\/wp\/v2\/media?parent=110952"}],"wp:term":[{"taxonomy":"category","embeddable":true,"href":"https:\/\/licensed.innovation360.com\/es\/wp-json\/wp\/v2\/categories?post=110952"},{"taxonomy":"post_tag","embeddable":true,"href":"https:\/\/licensed.innovation360.com\/es\/wp-json\/wp\/v2\/tags?post=110952"}],"curies":[{"name":"wp","href":"https:\/\/api.w.org\/{rel}","templated":true}]}}